{"id":1987,"date":"2022-09-02T13:11:14","date_gmt":"2022-09-02T11:11:14","guid":{"rendered":"https:\/\/ovm.baixemporda.cat\/?p=1987"},"modified":"2022-09-02T13:11:14","modified_gmt":"2022-09-02T11:11:14","slug":"que-fer-en-una-situacio-de-violencia","status":"publish","type":"post","link":"https:\/\/ovm.baixemporda.cat\/index.php\/2022\/09\/02\/que-fer-en-una-situacio-de-violencia\/","title":{"rendered":"Qu\u00e8 fer en una situaci\u00f3 de viol\u00e8ncia?"},"content":{"rendered":"\n<p><\/p>\n\n\n\n<p class=\"has-text-align-left\">El primer pas que podeu fer \u00e9s explicar la vostra situaci\u00f3 a altres persones i demanar ajuda, obtenir suport familar o per part de amistats es molt important en aquesta fase, perqu\u00e8 aix\u00ed teniu alg\u00fa a qui recolzar-vos. Si no teniu alg\u00fa amb qui  confiar, els serveis socials poden ajudar-vos.<\/p>\n\n\n\n<p class=\"has-text-align-left\">\u00c9s com\u00fa que tingueu por de la situaci\u00f3, sentir que encara el voleu i pensar que denunciarlo no es la millor opci\u00f3. Sovint busquem raons per justificar-lo, per\u00f2 aquestes raons s\u00f3n falses, us poden confondre i provocar m\u00e9s dolor. <\/p>\n\n\n\n<p class=\"has-text-align-left\">Quan una parella es propensa a ser violenta, el millor que podeu fer \u00e9s allunyar-vos, perqu\u00e8 aix\u00f2 us provocar\u00e0 un dany f\u00edsic o psicol\u00f2gic que a la llarga tindr\u00e0 grans conseq\u00fc\u00e8ncies. Aix\u00ed mateix, cal afegir, que si teniu fills, el que heu de fer per a la vostra salut f\u00edsica i mental es separar-vos de l\u2019agressor.&nbsp;<\/p>\n\n\n\n<p class=\"has-text-align-left\">Si la vostra parella us tracta malament i fa servir la viol\u00e8ncia, sempre viureu amb la temor de que us fagi mal, per aix\u00f2, encara que us costi fer el pas i us provoqui temor deixar-lo, amb el suport dels vostres \u00e9ssers estimats i dels professionals especialitzats aconseguireu&nbsp;trencar amb el cercle de maltractament.<\/p>\n\n\n\n<p class=\"has-text-align-left\"> En aquest sentit, hi ha tota una s\u00e8rie de recursos i professionals amb l&#8217;\u00fanic objectiu d\u2019ajudar-vos en tot el possible i millorar els mecanismes de protecci\u00f3, seguretat i assist\u00e8ncia.<\/p>\n\n\n\n<p class=\"has-text-align-left\"> Per aix\u00f2, us recordem que no esteu sola i us podreu adre\u00e7ar a qualsevol dels recursos dels quals disposeu a la comarca del Baix Empord\u00e0:<\/p>\n\n\n\n<ul class=\"wp-block-list\"><li>Al <strong>Servei d&#8217;Informaci\u00f3 i Atenci\u00f3 a les dones del Baix Empord\u00e0<\/strong> (<a href=\"https:\/\/www.baixemporda.cat\/ca\/carta-de-serveis\/atencio-a-les-dones-siad\/\">SIAD<\/a>): \u00e9s un servei destinat a donar informaci\u00f3, assessorament i orientaci\u00f3 a les dones de la comarca. Aix\u00ed mateix, es com una primera porta que us ajudar\u00e0 a resoldre les vostres preocupacions i a promoure els canvis socials que us permetin gaudir i exercir els vostres drets en llibertat i sense discriminacions. El SIAD del Consell Comarcal del Baix Empord\u00e0 \u00e9s un servei espec\u00edfic creat pel Consell Comarcal amb el suport&nbsp;de l&#8217;Institut Catal\u00e0 de les Dones. Us podeu posar en contacte amb aquest servei a trav\u00e9s del tel\u00e8fon <strong>972 64 23 10<\/strong> o del correu <a rel=\"noreferrer noopener\" href=\"mailto:siad@baixemporda.cat\" target=\"_blank\">siad@baixemporda.cat<\/a><\/li><\/ul>\n\n\n\n<ul class=\"wp-block-list\"><li><strong>Serveis Socials<\/strong> <strong>del Baix Empord\u00e0<\/strong> amb les \u00e0rees b\u00e0siques de La Bisbal d\u2019Empord\u00e0 (<strong>972 64 55 43<\/strong>), Palafrugell (tel\u00e8fon ) i Sant Feliu de Gu\u00edxols (tel\u00e8fon). Aquest servei us acomapanyar\u00e0 i orientar\u00e0 en la vostra situaci\u00f3 personal, i us informar\u00e0 sobre els diferents recursos dels quals podeu disposar. L\u2019<strong>\u00c0rea d\u2019atenci\u00f3 a les fam\u00edlies<\/strong> est\u00e0 format per un equip de psic\u00f2logues que en l\u2019etapa de recuperaci\u00f3 us donaran suport psicol\u00f2gic i emocional en tot el vostre proc\u00e9s. Podeu contactar a trav\u00e9s dels tel\u00e8fons indicats i mitjan\u00e7ant el correu electr\u00f2nic <a href=\"mailto:serveissocials@baixemporda.cat\">serveissocials@baixemporda.cat<\/a> indicant nom, tel\u00e8fon de contacte i municipi de resid\u00e8ncia.<\/li><\/ul>\n\n\n\n<ul class=\"wp-block-list\"><li><strong>Mossos d&#8217;Esquadra<\/strong>: On podreu resoldre dubtes, rebre orientaci\u00f3, con\u00e8ixer les eines i els drets que  teniu, i com a pas previ, en cas necessari, interposar una den\u00fancia policial. Podeu trucar a la Comissaria de La Bisbal d&#8217;Empord\u00e0 al <strong>972 54 18 85<\/strong> o a la Comissaria de Sant Feliu de Gu\u00edxols al <strong>972 18 23 80<\/strong>.<\/li><\/ul>\n\n\n\n<ul class=\"wp-block-list\"><li><strong>Hospital de Palam\u00f3s<\/strong>: derivaci\u00f3, informaci\u00f3 i orientaci\u00f3 amb la dona i els fills\/es i altres persones dependents, si n\u2019hi hagu\u00e9s; i en cas necessari realitzaci\u00f3 d\u2019un part de lesions amb l\u2019informe m\u00e8dic corresponent. Podeu trucar al <strong>972 60 01 60<\/strong> i\/o adre\u00e7ar-se al Carrer Hospital, 36, 17230 Palam\u00f3s, en cas d\u2019urg\u00e8ncia o qualsevol lesi\u00f3.&nbsp;<\/li><li><strong>Jutjats<\/strong>: us atendr\u00e0n per a interposar den\u00fancies, ordres d\u2019allunyament i assessorament legal. Per a posar-vos en contacte amb el Jutjat de la Bisbal d\u2019Empord\u00e0 podeu trucar al<strong> 972 94 62 00<\/strong>, amb el de Palam\u00f3s <strong>972 31 44 28<\/strong> i per \u00faltim. Les dones tenen dret a rebre assessorament legal dins de les primeres 24h de forma gratuita amb un advocat\/a d\u2019ofici, especialitzat en l\u2019\u00e0mbit de viol\u00e8ncia masclista. Es important disposar d\u2019aquest professional abans d\u2019interposar&nbsp; la den\u00fancia i sol\u00b7licitar-ho en els jutjats o mossos d\u2019esquadra.&nbsp;<\/li><\/ul>\n\n\n\n<p><\/p>\n\n\n\n<p class=\"has-text-align-left\">Tanmateix, si no us voleu dirigir amb els vostres recursos de proximitat, alternativament, us podeu posar en contacte amb el servei d&#8217;atenci\u00f3 permanent del&nbsp;<strong>900 900 120 contra la viol\u00e8ncia masclista<\/strong>. \u00c9s&nbsp;<strong>gratu\u00eft<\/strong>&nbsp;i&nbsp;<strong>confidencial<\/strong>&nbsp;i funciona tots els dies de l&#8217;any, durant les&nbsp;<strong>24 hores del dia<\/strong>. S&#8217;hi pot accedir&nbsp;<strong>per tel\u00e8fon i correu electr\u00f2nic<\/strong>, i at\u00e9n les demandes relacionades amb qualsevol forma de situaci\u00f3 de viol\u00e8ncia contra les dones com&nbsp;<strong>peticions d&#8217;informaci\u00f3<\/strong>&nbsp;de dones que viuen situacions de viol\u00e8ncia, sobre els&nbsp;<strong>recursos<\/strong>&nbsp;existents a Catalunya en mat\u00e8ria d&#8217;assist\u00e8ncia a la viol\u00e8ncia contra les dones, sol\u00b7licituds d&#8217;<strong>assessorament<\/strong>&nbsp;sobre possibles actuacions a realitzar davant una situaci\u00f3 de viol\u00e8ncia contra les dones, procedents de particulars i\/o professionals.<\/p>\n\n\n\n<p class=\"has-text-align-left\">La l\u00ednia 900 900 120 tamb\u00e9 actua en els casos d&#8217;<strong>activaci\u00f3 del Servei d\u2019intervenci\u00f3 en crisis greus<\/strong>&nbsp;en l\u2019\u00e0mbit de la viol\u00e8ncia masclista (24h \/ 365 dies a l\u2019any)<strong>.<\/strong> Disposa de<strong>&nbsp;professionals<\/strong>,<strong>&nbsp;advocades<\/strong>&nbsp;i&nbsp;<strong>psic\u00f2logues<\/strong>&nbsp;que poden contactar amb serveis d&#8217;emerg\u00e8ncia, si \u00e9s necessari. Si vost\u00e9 accediu al servei podreu expressar-vos en&nbsp;<strong>124 lleng\u00fces<\/strong>, entre les quals hi ha el catal\u00e0, el castell\u00e0, l&#8217;angl\u00e8s, el franc\u00e8s, l&#8217;alemany, l&#8217;itali\u00e0, el rus, l&#8217;\u00e0rab, el roman\u00e8s, el croat i el xin\u00e8s.<\/p>\n\n\n\n<p>Tanmateix el servei de canal de Whatsapp gestionat pels Mossos d\u2019Esquadra ofereix informaci\u00f3 i assesorament policial a la v\u00edctima o potencial v\u00edctima de viol\u00e8ncia masclista. <\/p>\n\n\n\n<p>Amb el n\u00famero&nbsp;<strong>601 00 11 22<\/strong>&nbsp;es podr\u00e0 contactar amb els mossos per rebre assessorament policial i resoldre dubtes i preguntes. Aquest canal no \u00e9s una eina per gestionar incid\u00e8ncies o emerg\u00e8ncies i&nbsp;<strong>en cap cas substitueix el tel\u00e8fon d\u2019emerg\u00e8ncies 112<\/strong>. La creaci\u00f3 d\u2019aquest recurs ha de facilitar a les dones con\u00e8ixer les eines de qu\u00e8 disposen, els drets que les assisteixen i com a pas previ, en cas necessari, a la den\u00fancia policial.<\/p>\n\n\n\n<p>El servei ha de servir perqu\u00e8 les v\u00edctimes, o qualsevol persona que cregui ser v\u00edctima,&nbsp;<strong>pugui informar per identificar el problema i informar-se de les passes que ha de donar. Tamb\u00e9 el poden utilitzar persones de l\u2019entorn de la v\u00edctima amb la mateixa voluntat: rebre assessorament i informaci\u00f3 policial. En cap cas aquest nou servei substitueix al 112 ni a la den\u00fancia policial.<\/strong><\/p>\n\n\n\n<p><\/p>\n\n\n\n<p><\/p>\n","protected":false},"excerpt":{"rendered":"<p>El primer pas que podeu fer \u00e9s explicar la vostra situaci\u00f3 a altres persones i demanar ajuda, obtenir suport familar o per part de amistats es molt important en aquesta fase, perqu\u00e8 aix\u00ed teniu alg\u00fa a qui recolzar-vos. Si no teniu alg\u00fa amb qui confiar, els serveis socials poden ajudar-vos. \u00c9s com\u00fa que tingueu por [&hellip;]<\/p>\n","protected":false},"author":2,"featured_media":1516,"comment_status":"open","ping_status":"closed","sticky":false,"template":"","format":"standard","meta":{"footnotes":""},"categories":[8],"tags":[],"class_list":["post-1987","post","type-post","status-publish","format-standard","has-post-thumbnail","hentry","category-violencia"],"_links":{"self":[{"href":"https:\/\/ovm.baixemporda.cat\/index.php\/wp-json\/wp\/v2\/posts\/1987","targetHints":{"allow":["GET"]}}],"collection":[{"href":"https:\/\/ovm.baixemporda.cat\/index.php\/wp-json\/wp\/v2\/posts"}],"about":[{"href":"https:\/\/ovm.baixemporda.cat\/index.php\/wp-json\/wp\/v2\/types\/post"}],"author":[{"embeddable":true,"href":"https:\/\/ovm.baixemporda.cat\/index.php\/wp-json\/wp\/v2\/users\/2"}],"replies":[{"embeddable":true,"href":"https:\/\/ovm.baixemporda.cat\/index.php\/wp-json\/wp\/v2\/comments?post=1987"}],"version-history":[{"count":1,"href":"https:\/\/ovm.baixemporda.cat\/index.php\/wp-json\/wp\/v2\/posts\/1987\/revisions"}],"predecessor-version":[{"id":1988,"href":"https:\/\/ovm.baixemporda.cat\/index.php\/wp-json\/wp\/v2\/posts\/1987\/revisions\/1988"}],"wp:featuredmedia":[{"embeddable":true,"href":"https:\/\/ovm.baixemporda.cat\/index.php\/wp-json\/wp\/v2\/media\/1516"}],"wp:attachment":[{"href":"https:\/\/ovm.baixemporda.cat\/index.php\/wp-json\/wp\/v2\/media?parent=1987"}],"wp:term":[{"taxonomy":"category","embeddable":true,"href":"https:\/\/ovm.baixemporda.cat\/index.php\/wp-json\/wp\/v2\/categories?post=1987"},{"taxonomy":"post_tag","embeddable":true,"href":"https:\/\/ovm.baixemporda.cat\/index.php\/wp-json\/wp\/v2\/tags?post=1987"}],"curies":[{"name":"wp","href":"https:\/\/api.w.org\/{rel}","templated":true}]}}