{"id":3714,"date":"2023-03-03T12:23:55","date_gmt":"2023-03-03T10:23:55","guid":{"rendered":"https:\/\/ovm.baixemporda.cat\/?p=3714"},"modified":"2023-09-25T13:34:42","modified_gmt":"2023-09-25T11:34:42","slug":"situacio-laboral-de-la-victima-30-09-22","status":"publish","type":"post","link":"https:\/\/ovm.baixemporda.cat\/index.php\/2023\/03\/03\/situacio-laboral-de-la-victima-30-09-22\/","title":{"rendered":"TAULA DE DIFICULTATS I BARRERES EN L&#8217;ATENCI\u00d3 A LES PERSONES V\u00cdCTIMES DE VIOL\u00c8NCIA MASCLISTA"},"content":{"rendered":"\n<figure class=\"wp-block-image size-full is-resized\"><img loading=\"lazy\" decoding=\"async\" src=\"https:\/\/ovm.baixemporda.cat\/wp-content\/uploads\/2023\/04\/image.png\" alt=\"\" class=\"wp-image-3817\" style=\"width:241px;height:62px\" width=\"241\" height=\"62\" srcset=\"https:\/\/ovm.baixemporda.cat\/wp-content\/uploads\/2023\/04\/image.png 513w, https:\/\/ovm.baixemporda.cat\/wp-content\/uploads\/2023\/04\/image-300x77.png 300w\" sizes=\"auto, (max-width: 241px) 100vw, 241px\" \/><\/figure>\n\n\n\n<p><\/p>\n\n\n\n<p>De la reuni\u00f3 de la Comissi\u00f3 de Coordinaci\u00f3 de Viol\u00e8ncia Masclista del Baix Empord\u00e0 del passat 23 de novembre de 2021, es va desprendre la necessitat de constituir una taula de treball formada per professionals d\u2019atenci\u00f3 a la v\u00edctima de viol\u00e8ncia masclista per poder debatre quines dificultats i barreres obstaculitzen la intervenci\u00f3 amb la usu\u00e0ria des de&nbsp; les diferents administracions i de quina manera es podrien resoldre.<\/p>\n\n\n\n<p>De les dades recollides a 31\/03\/2023 per a l\u2019an\u00e0lisi de les dificultats i barreres trobades pels diferents professionals i usu\u00e0ries en l\u2019atenci\u00f3 de les persones, s\u2019extreu el seg\u00fcent quadre.<\/p>\n\n\n\n<p>Les dones usu\u00e0ries mitjan\u00e7ant un q\u00fcestionari an\u00f2nim de Sant Feliu de Gu\u00edxols i resta de comarca han respost:<\/p>\n\n\n\n<figure class=\"wp-block-table\"><table><tbody><tr><td><strong>SALUT\/CAP\/HOSPITAL<\/strong><\/td><td>&#8211; Problemes en les derivacions des del CAP, a vegades no es fan amb prou cura<br>&#8211; A vegades arriben casos d\u2019altres poblacions derivades sobretot per CAP on hi ha molta rotaci\u00f3 de professionals i malgrat s\u2019explica, hi ha confusi\u00f3 en el circu\u00eft<br>&#8211; S\u2019envien a un servei que no correspon<br>&#8211; Algunes vegades sense posterior seguiment despr\u00e9s d\u2019haver estat ateses<br>&#8211; Confusi\u00f3 entre SIAD i Serveis socials per funcionaments d\u2019altres territoris<br>&#8211; Falta de bona atenci\u00f3 a les v\u00edctimes<\/td><\/tr><tr><td><strong>SALUT MENTAL<\/strong><\/td><td>&#8211; Desconeixem si tenen o no especialitzaci\u00f3 en viol\u00e8ncia masclista, creiem que no.<br>&#8211; Moltes de les dones v\u00edctimes s\u00f3n ateses per aquests serveis per control de s\u00edmptomes depressius.<br>&#8211; Costa la derivaci\u00f3. El fet de fer-ho pel CAP fa que sigui m\u00e9s lent.<br>&#8211; Verbalitzen que les sessions s\u00f3n curtes i que les visites s\u00f3n molt espaiades.<br>&#8211; No hi ha espais per fer treball psicoterap\u00e8utic.<br>&#8211; Falta d\u2019empat\u00eda per part dels psic\u00f3legs que atenen a les v\u00edctimes, no les escolten ni les tenen en compte com es mereixen.<br>&#8211; Hi ha testimonis que recalquen que posen les culpes a les v\u00edctimes i no als agressors<\/td><\/tr><tr><td><strong>JUTJAT<\/strong><\/td><td>&#8211; En l\u2019\u00e0mbit de protecci\u00f3 de v\u00edctimes quan hi ha sent\u00e8ncia i O.P., des que s\u2019acaba judici fins que es tramita TAM VG i aquest dispositiu est\u00e0 disponible per la v\u00edctima poden passar dies i queda exposada, sense cap protecci\u00f3 i en un moment de tensi\u00f3 m\u00e0xima. No \u00e9s possible que en el mateix moment del judici, la dona pugui sortir de jutjats amb dispositiu (coordinar policia, jutjats i que hi hagi els dispositius i tramitaci\u00f3 in situ)<br>&#8211; Dificultats perqu\u00e8 es reconegui la viol\u00e8ncia per part dels jutges.- Dificultats per posar ordes d\u2019allunyament si no \u00e9s maltractament f\u00edsic amb proves<br>&#8211; Es mant\u00e9 la cust\u00f2dia compartida i les visites, encara que l\u2019infant no hi vulgui anar.<br>&#8211; No hi ha un espai per nadons\/nens si els menors no tenen amb qui quedar-se<br>&#8211; Verbalitzen que no s\u2019han sentit reconegudes com a v\u00edctimes i que s\u2019han sentit jutjades.<br>&#8211; Caldria tenir alg\u00fa assist\u00e8ncia als jutjats de Sant Feliu, nom\u00e9s els dilluns, no els altres dies de la setmana, \u00e9s un greuge amb jutjats de Girona.<br>&#8211; Impossibilitat de concentraci\u00f3 en el moment de la declaraci\u00f3 degut a la proximitat de l\u2019agressor.<br>&#8211; Revictimitzaci\u00f3 a causa d\u2019haver de tornar a passar pel trauma durant el judici.<br>&#8211; Dificultats en els despla\u00e7aments i els acompanyaments.<\/td><\/tr><tr><td><strong>PROFESSIONALS \u00c0MBIT JUDICIAL (ADVOCAT\/ADVOCADES)<\/strong><\/td><td>-Dificultat en mantenir el contacte amb l\u2019advocat o l\u2019advocada (sobretot si \u00e9s assist\u00e8ncia jur\u00eddica gratu\u00efta), i l\u2019atenci\u00f3 d\u2019aquests no \u00e9s \u00f2ptima, es queixen de que no contesten les trucades, que no fan un bon seguiment del cas, no expliquen a les dones el procediment\u2026<br>-Demora en l\u2019assignaci\u00f3 d\u2019advocat d\u2019ofici.<br>-Manca de formaci\u00f3 en VM. Molts renen dificultats per entendre el proc\u00e9s pel qual passa la v\u00edctima.<\/td><\/tr><tr><td><strong>GAV (Grup d\u2019Atenci\u00f3 a la V\u00edctima)<\/strong><strong>&nbsp;&nbsp;&nbsp;&nbsp;&nbsp;&nbsp;&nbsp;&nbsp;&nbsp;&nbsp;&nbsp;&nbsp;&nbsp;&nbsp;&nbsp;&nbsp;&nbsp;&nbsp;&nbsp;&nbsp;&nbsp;i<\/strong><strong>OAV (Oficina d&#8217;Atenci\u00f3 a la V\u00edctima)<\/strong><\/td><td>&#8211; Sensaci\u00f3 de no fer b\u00e9 i de tenir que explicar quan les dones dins del seu proc\u00e9s tornen amb l\u2019agressor, semblen elles les culpables i aix\u00f2 fa a vegades amaguin informaci\u00f3 o no demanin ajuda per vergonya o culpa quan potser la necessiten i augmenta el seu risc.<br>&#8211; Dif\u00edcil per trobar l\u2019encaix entre el proc\u00e9s de la dona i la protecci\u00f3 davant el perill real<br>&#8211; No es pren cap mesura de pressi\u00f3 sobre l\u2019agressor per part dels cossos policials sin\u00f3 hi ha ordre d&#8217;allunyament, la llei no ho preveu.<br>&#8211; Pressi\u00f3 a les dones que en episodis de viol\u00e8ncia no poden protegir prou al filles i fills dels seus efectes sobretot psicol\u00f2gics en les anades i tornades dins el cicle i processos molt llargs.<br>&#8211; No comuniquen a la v\u00edctima l\u2019estat de l\u2019agressor dins de pres\u00f3, \u00e9s a dir, no li comuniquen si entra o surt d\u2019ella perqu\u00e8 la v\u00edctima es pugui gestionar.&nbsp;<\/td><\/tr><tr><td><strong>SERVEIS SOCIALS<\/strong><\/td><td>&#8211; No agafen les trucades<br>&#8211; Manca d\u2019un sistema m\u00e9s permanent<br>&#8211; Saturaci\u00f3 del servei (condiciona la percepci\u00f3 de la urg\u00e8ncia), fet que genera lentitud en la resposta i amb moltes limitacions per oferir recursos propis.<br>&#8211; Manca de llocs segurs on pernoctar, sobretot quan hi ha necessitat de marxar del domicili de forma imminent. No hi ha recurs de refer\u00e8ncia, de manera que hi ha dificultats quan la urg\u00e8ncia es dona en caps de setmana, per\u00edodes festius o de vacances, aix\u00ed com dificultats per cobrir els \u00e0pats.<br>&#8211; No hi ha serveis d\u2019atenci\u00f3 als homes, que siguin propers i accessibles.<br>&#8211; Manca d\u2019atenci\u00f3 d\u2019urg\u00e8ncia fora de l\u2019horari laboral.<br>&#8211; Certes recomanacions per parts d\u2019aquests serveis que no acaben de conv\u00e8ncer a la v\u00edctima (millorar la comunicaci\u00f3 amb l\u2019agressor, ter\u00e0pia\u2026)<br>&#8211; Dificultats per accedir al servei, per manca de mitjans propis o diners pel bus.<\/td><\/tr><tr><td><strong>MOSSOS<\/strong><\/td><td>-Mala atenci\u00f3 per part de la persona que at\u00e9n a les v\u00edctimes en primera inst\u00e0ncia, no agafant les den\u00fancies sobretot psicol\u00f2giques si no \u00e9s oav<br>-Dificultats en l\u2019assessorament o les den\u00fancies els caps de setmana on no hi ha el servei especialitzat<br>-Atendre a una dona que vol denunciar a baix, a recepci\u00f3 (a l\u2019entrada). Algunes vegades agafar-li la den\u00fancia davant d\u2019altres persones alienes a la v\u00edctima.<br>&#8211; A vegades per evitar l\u2019espera advocat\/da abans de posar la den\u00fancia s\u2019agafa sense aquesta assist\u00e8ncia.<br>&#8211; Les patrulles no es desplacen.<br>&#8211; Aprofitament de posici\u00f3 de poder.<br>&#8211; Cr\u00edtica al transport p\u00fablic alhora d\u2019anar a denunciar, tant per horaris com per caire econ\u00f2mic<br>&#8211; Manca de cases d\u2019acollida per a v\u00edctimes de VM.<br>&#8211; Tenir un tel\u00e8fon de Canguratge en cas d\u2019urg\u00e8ncia.<\/td><\/tr><tr><td><strong>POLICIA LOCAL<\/strong><\/td><td>&#8211; Manca formaci\u00f3, a vegades si no \u00e9s agressi\u00f3 f\u00edsica parlen de viol\u00e8ncia dom\u00e8stica i intenten mediar perqu\u00e8 es torni a domicili. Minimitzen el que ha passat.<br>&#8211; En algunes ocasions manca de coordinaci\u00f3 entre policia i mossos.<\/td><\/tr><tr><td><strong>SIAD<\/strong><strong>(Servei d\u2019informaci\u00f3 i<\/strong><strong>atenci\u00f3 a les dones)<\/strong><\/td><td>&#8211; Indefinici\u00f3 de si portaran viol\u00e8ncia amb el nou contracte programa de feminismes<br>&#8211; Desconeixement dels circuits per part de les dones i contradiccions amb les publicitats o xarxes socials<br>&#8211; Confusi\u00f3 estructural de funcions entre serveis socials i SIAD en l\u2019atenci\u00f3 a les dones i la igualtat.<br>&#8211; Confusi\u00f3 amb relaci\u00f3 al suport terap\u00e8utic: duraci\u00f3, tractament, assessorament, etc.<\/td><\/tr><tr><td><strong>ALGUN ALTRE SERVEI<\/strong><\/td><td><strong>SEPE: <\/strong>Mala gesti\u00f3 al demanar RAI (renta activa de reinserci\u00f3), necessitat de gestionar les respostes amb les oficines de serveis socials per tal de protegir a la dona, que no li arribin les cartes a la casa on est\u00e0 empadronada (generalment, amb l\u2019agressor).<br><strong>SOC:<\/strong> Al fer l\u2019entrevista amb les t\u00e8cniques del SOC, s\u2019ha notat cert dubte del relat de la dona i s\u2019ha considerat que la viol\u00e8ncia psicol\u00f2gica no era suficient per accedir al RAI.<br><strong>CASA D&#8217;ACOLLIDA: <\/strong>sentiments de soledat, falta de suport i assessorament. Gestionament dels tr\u00e0mits per s\u00ed mateixa.<br><strong>ATEMPRO: <\/strong>No es va tramitar atempro en cas d\u2019agressi\u00f3 sexual perqu\u00e8 no eren parella (situaci\u00f3 d\u2019alt risc).<\/td><\/tr><\/tbody><\/table><\/figure>\n\n\n\n<p>Tanmateix els professionals&nbsp; o les professionals que forman part de la Taula de dificultats i barreres, exposen que:<\/p>\n\n\n\n<p>Pel que fa a l\u2019\u00e0mbit judicial:<\/p>\n\n\n\n<ul class=\"wp-block-list\">\n<li><strong>No hi ha espais habilitats que garanteixin la confidencialitat <\/strong>per tal que l\u2019advocada o l\u2019advocat realitzin l&#8217;assessorament jur\u00eddic a la dona v\u00edctima.<\/li>\n\n\n\n<li><strong>No hi ha espais adequats per poder deixar els fills o filles<\/strong>, ni un servei de professionals (cangurs etc) que puguin ocupar-se dels fills o filles menors mentre la dona ha de realitzar les actuacions pertinents al Jutjat.<\/li>\n\n\n\n<li><strong>Manca de formaci\u00f3 especialitzada en mat\u00e8ria de viol\u00e8ncia masclista<\/strong> a Jutges i Jutgesses, Lletrats i Lletrades de l\u2019Administraci\u00f3 de Just\u00edcia.<\/li>\n<\/ul>\n\n\n\n<p>Pel que fa a l\u2019\u00e0mbit de la Salut:<\/p>\n\n\n\n<ul class=\"wp-block-list\">\n<li><strong>Davant una situaci\u00f3 d&#8217;urg\u00e8ncia les dones han d\u2019espera<\/strong>r per poder ser ateses.&nbsp;<\/li>\n\n\n\n<li><strong>Manca de treball en equip<\/strong>, hi troben falta de sensibilitzaci\u00f3 i formaci\u00f3 per part de molts professionals.<\/li>\n\n\n\n<li><strong>Es centren en un episodi espec\u00edfic<\/strong>, hi ha dificultats a l\u2019hora de veure m\u00e9s enll\u00e0, troben que es requereix una visi\u00f3 m\u00e9s integral.<\/li>\n<\/ul>\n\n\n<p>Pel que fa a l&#8217;\u00e0mbit dels serveis socials especialitzats:<\/p>\n<p>\u00a0<u>Habitatge \/ allotjament<\/u><\/p>\n<p>Dificultats en trobar cases d\u2019acollida i\/o habitatges, tant de caire p\u00fablic com privat. La casu\u00edstica amb les cases d\u2019acollida \u00e9s que hi ha llistes d\u2019espera de moltes setmanes, que perpetuen les estades temporals en allotjaments\/establiments d\u2019urg\u00e8ncia, amb totes les dificultats que aix\u00f2 comporta.<\/p>\n<p><u>Cobertura de necessitats b\u00e0siques<\/u><\/p>\n<p>Tot i tenir acc\u00e9s a serveis especialitzats de la xarxa, les dones continuen vinculades als serveis socials d\u2019atenci\u00f3 prim\u00e0ria per prestacions d\u2019urg\u00e8ncia social com cobertura de despeses sanit\u00e0ries, extraescolars, casals d\u2019estiu,&#8230;.).<\/p>\n<p>Dificultats de les dones per poder disposar de diners en efectiu en cas que no tinguin ingressos pr\u00f2pis.<\/p>","protected":false},"excerpt":{"rendered":"<p>De la reuni\u00f3 de la Comissi\u00f3 de Coordinaci\u00f3 de Viol\u00e8ncia Masclista del Baix Empord\u00e0 del passat 23 de novembre de 2021, es va desprendre la necessitat de constituir una taula de treball formada per professionals d\u2019atenci\u00f3 a la v\u00edctima de viol\u00e8ncia masclista per poder debatre quines dificultats i barreres obstaculitzen la intervenci\u00f3 amb la usu\u00e0ria [&hellip;]<\/p>\n","protected":false},"author":2,"featured_media":3921,"comment_status":"open","ping_status":"closed","sticky":false,"template":"","format":"standard","meta":{"footnotes":""},"categories":[1],"tags":[],"class_list":["post-3714","post","type-post","status-publish","format-standard","has-post-thumbnail","hentry","category-recursos"],"_links":{"self":[{"href":"https:\/\/ovm.baixemporda.cat\/index.php\/wp-json\/wp\/v2\/posts\/3714","targetHints":{"allow":["GET"]}}],"collection":[{"href":"https:\/\/ovm.baixemporda.cat\/index.php\/wp-json\/wp\/v2\/posts"}],"about":[{"href":"https:\/\/ovm.baixemporda.cat\/index.php\/wp-json\/wp\/v2\/types\/post"}],"author":[{"embeddable":true,"href":"https:\/\/ovm.baixemporda.cat\/index.php\/wp-json\/wp\/v2\/users\/2"}],"replies":[{"embeddable":true,"href":"https:\/\/ovm.baixemporda.cat\/index.php\/wp-json\/wp\/v2\/comments?post=3714"}],"version-history":[{"count":14,"href":"https:\/\/ovm.baixemporda.cat\/index.php\/wp-json\/wp\/v2\/posts\/3714\/revisions"}],"predecessor-version":[{"id":3933,"href":"https:\/\/ovm.baixemporda.cat\/index.php\/wp-json\/wp\/v2\/posts\/3714\/revisions\/3933"}],"wp:featuredmedia":[{"embeddable":true,"href":"https:\/\/ovm.baixemporda.cat\/index.php\/wp-json\/wp\/v2\/media\/3921"}],"wp:attachment":[{"href":"https:\/\/ovm.baixemporda.cat\/index.php\/wp-json\/wp\/v2\/media?parent=3714"}],"wp:term":[{"taxonomy":"category","embeddable":true,"href":"https:\/\/ovm.baixemporda.cat\/index.php\/wp-json\/wp\/v2\/categories?post=3714"},{"taxonomy":"post_tag","embeddable":true,"href":"https:\/\/ovm.baixemporda.cat\/index.php\/wp-json\/wp\/v2\/tags?post=3714"}],"curies":[{"name":"wp","href":"https:\/\/api.w.org\/{rel}","templated":true}]}}